{"id":641,"date":"2020-03-24T16:30:54","date_gmt":"2020-03-24T16:30:54","guid":{"rendered":"https:\/\/improva.de\/?p=641"},"modified":"2020-03-24T16:30:55","modified_gmt":"2020-03-24T16:30:55","slug":"arbeitgeberzuschuss-pkv-bei-kurzarbeit","status":"publish","type":"post","link":"https:\/\/improva.de\/index.php\/2020\/03\/24\/arbeitgeberzuschuss-pkv-bei-kurzarbeit\/","title":{"rendered":"Arbeitgeberzuschuss PKV bei Kurzarbeit"},"content":{"rendered":"\n<p>Bedingt durch Ma\u00dfnahmen und Auswirkungen infolge des Coronavirus wird der eine oder andere privat krankenversicherte Arbeitnehmer in Kurzarbeit versetzt. Das Einkommen sinkt, der Beitrag zur PKV bleibt. Es ist m\u00f6glich, dass w\u00e4hrend des Bezugs von <strong>Kurzarbeitergeld <\/strong>die <strong>Beitr\u00e4ge zur PKV komplett vom Arbeitgeber<\/strong> getragen werden. Der Sachverhalt ist im Sozialgesetzbuch geregelt:<\/p>\n\n\n\n<p>SGB V \u00a7 257 Absatz 2 <\/p>\n\n\n\n<p>&#8230;Soweit Kurzarbeitergeld bezogen wird, ist der Beitragszuschuss in H\u00f6he des Betrages zu zahlen, den der Arbeitgeber bei Versicherungspflicht des Besch\u00e4ftigten entsprechend \u00a7 249 Absatz 2 zu tragen h\u00e4tte, h\u00f6chstens jedoch in H\u00f6he des Betrages, den der Besch\u00e4ftigte f\u00fcr seine Krankenversicherung zu zahlen hat; f\u00fcr die Berechnung gilt der um den durchschnittlichen Zusatzbeitragssatz nach \u00a7 242a erh\u00f6hte allgemeine Beitragssatz nach \u00a7 241. Absatz 1 Satz 3 gilt.<\/p>\n\n\n\n<p>SGB V \u00a7 249 Absatz 2<\/p>\n\n\n\n<p>Der Arbeitgeber tr\u00e4gt den Beitrag allein f\u00fcr Besch\u00e4ftigte, soweit Beitr\u00e4ge f\u00fcr Kurzarbeitergeld zu zahlen sind.<\/p>\n\n\n\n<p>weitere Informationen: <a href=\"https:\/\/www.lohn-info.de\/kurzarbeitergeld_privatversichert.html\" target=\"_blank\" rel=\"noreferrer noopener\">https:\/\/www.lohn-info.de\/kurzarbeitergeld_privatversichert.html<\/a><\/p>\n","protected":false},"excerpt":{"rendered":"<p>Bedingt durch Ma\u00dfnahmen und Auswirkungen infolge des Coronavirus wird der eine oder andere privat krankenversicherte Arbeitnehmer in Kurzarbeit versetzt. Das Einkommen sinkt, der Beitrag zur PKV bleibt. Es ist m\u00f6glich, dass w\u00e4hrend des Bezugs von Kurzarbeitergeld die Beitr\u00e4ge zur PKV komplett vom Arbeitgeber getragen werden. Der Sachverhalt ist im Sozialgesetzbuch geregelt: SGB V \u00a7 257 &hellip; <\/p>\n<p class=\"link-more\"><a href=\"https:\/\/improva.de\/index.php\/2020\/03\/24\/arbeitgeberzuschuss-pkv-bei-kurzarbeit\/\" class=\"more-link\"><span class=\"screen-reader-text\">\u201eArbeitgeberzuschuss PKV bei Kurzarbeit\u201c <\/span>weiterlesen<\/a><\/p>\n","protected":false},"author":1,"featured_media":0,"comment_status":"open","ping_status":"closed","sticky":false,"template":"","format":"standard","meta":{"_glsr_average":0,"_glsr_ranking":0,"_glsr_reviews":0,"_vp_format_video_url":"","_vp_image_focal_point":[],"footnotes":""},"categories":[13],"tags":[],"class_list":["post-641","post","type-post","status-publish","format-standard","hentry","category-private-krankenversicherung"],"_links":{"self":[{"href":"https:\/\/improva.de\/index.php\/wp-json\/wp\/v2\/posts\/641","targetHints":{"allow":["GET"]}}],"collection":[{"href":"https:\/\/improva.de\/index.php\/wp-json\/wp\/v2\/posts"}],"about":[{"href":"https:\/\/improva.de\/index.php\/wp-json\/wp\/v2\/types\/post"}],"author":[{"embeddable":true,"href":"https:\/\/improva.de\/index.php\/wp-json\/wp\/v2\/users\/1"}],"replies":[{"embeddable":true,"href":"https:\/\/improva.de\/index.php\/wp-json\/wp\/v2\/comments?post=641"}],"version-history":[{"count":1,"href":"https:\/\/improva.de\/index.php\/wp-json\/wp\/v2\/posts\/641\/revisions"}],"predecessor-version":[{"id":642,"href":"https:\/\/improva.de\/index.php\/wp-json\/wp\/v2\/posts\/641\/revisions\/642"}],"wp:attachment":[{"href":"https:\/\/improva.de\/index.php\/wp-json\/wp\/v2\/media?parent=641"}],"wp:term":[{"taxonomy":"category","embeddable":true,"href":"https:\/\/improva.de\/index.php\/wp-json\/wp\/v2\/categories?post=641"},{"taxonomy":"post_tag","embeddable":true,"href":"https:\/\/improva.de\/index.php\/wp-json\/wp\/v2\/tags?post=641"}],"curies":[{"name":"wp","href":"https:\/\/api.w.org\/{rel}","templated":true}]}}